{"id":1296,"date":"2019-12-04T12:00:32","date_gmt":"2019-12-04T11:00:32","guid":{"rendered":"https:\/\/www.ikab.de\/?p=1296"},"modified":"2019-12-04T12:00:32","modified_gmt":"2019-12-04T11:00:32","slug":"projet-pride-ateliers-lors-de-la-conference-glocal-islamism-2019","status":"publish","type":"post","link":"https:\/\/www.ikab.de\/fr\/projet-pride-ateliers-lors-de-la-conference-glocal-islamism-2019\/","title":{"rendered":"Projet PRIDE : Ateliers lors de la conf\u00e9rence Glocal Islamism 2019"},"content":{"rendered":"<p style=\"text-align: center\">Copyright: IKAB-Bildungswerk e.V.<\/p>\n<p>Du 15 au 17 octobre 2019 s\u2019est tenue la conf\u00e9rence internationale \u00ab\u00a0<em>Glocal Islamism 2019 \u2013 Ph\u00e9nom\u00e8nes, Interd\u00e9pendances, Pr\u00e9vention\u00a0\u00bb <\/em>\u00a0organis\u00e9e par l\u2019Agence f\u00e9d\u00e9rale allemande pour l\u2019Education civique (<a href=\"https:\/\/m.bpb.de\/die-bpb\/138855\/l-agence-federale-pour-l-education-civique\">Bundeszentrale f\u00fcr politische Bildung bpb)<\/a> \u00e0 Potsdam pr\u00e8s de Berlin avec pr\u00e8s de 450 participant.e.s de plus de 15 pays.<\/p>\n<p>Une partie de l\u2019\u00e9quipe du projet <a href=\"http:\/\/www.erasmus-pride.org\/\">PRIDE<\/a>, compos\u00e9e d\u2019IKAB, d\u2019<a href=\"http:\/\/www.alifs.fr\">ALIFS<\/a>, d\u2019<a href=\"http:\/\/www.ufuq.de\">ufuq.de<\/a> et du <a href=\"http:\/\/www.ccab.tn\">Club Culturel Ali Belhouane<\/a>, s\u2019y est rendue pour animer deux ateliers.<\/p>\n<p>Les participants des ateliers ont appris \u00e0 conna\u00eetre les similarit\u00e9s et les diff\u00e9rences dans les compr\u00e9hensions des ph\u00e9nom\u00e8nes de radicalisations en France, en Tunisie et en Allemagne. Puis, apr\u00e8s une pr\u00e9sentation du projet PRIDE, l\u2019\u00e9quipe a r\u00e9pondu \u00e0 la question centrale\u00a0:<\/p>\n<p><strong>Dans quelle mesure les projets d\u2019\u00e9changes internationaux de jeunes repr\u00e9sentent-ils un format pertinent pour la pr\u00e9vention \u00e0 la radicalisation\u00a0?<\/strong><\/p>\n<p><strong>Selon nous, parce qu\u2019ils repr\u00e9sentent un format pertinent pour l\u2019\u00e9ducation \u00e0 la citoyennet\u00e9 interculturelle\u00a0!<\/strong><\/p>\n<p>Au-del\u00e0 de la mobilit\u00e9 internationale qu\u2019ils permettent, les projets d\u2019\u00e9changes peuvent encourager une mobilit\u00e9 mentale essentielle pour le d\u00e9veloppement de comp\u00e9tences telles que l\u2019empathie, la tol\u00e9rance \u00e0 l\u2019ambigu\u00eft\u00e9 ou encore l\u2019esprit critique primordiales pour une participation active \u00e0 la soci\u00e9t\u00e9. Cet apprentissage se fait dans un cadre o\u00f9 les valeurs d\u00e9mocratiques sont th\u00e9matis\u00e9es mais aussi v\u00e9cues puisque les acteurs.rices du projet vivent ensemble des processus de groupe intenses.<\/p>\n<p>&#8212;&#8212;&#8212;&#8212;&#8212;&#8212;&#8212;&#8212;&#8212;&#8212;&#8212;&#8212;&#8212;&#8212;&#8212;&#8212;&#8212;&#8212;&#8212;&#8212;&#8212;&#8212;&#8212;&#8212;&#8212;&#8212;&#8212;&#8212;&#8212;&#8212;&#8212;&#8212;&#8212;&#8212;&#8212;&#8212;&#8212;&#8212;&#8212;&#8212;&#8212;&#8212;&#8212;&#8212;&#8212;&#8212;&#8212;&#8212;&#8212;&#8212;&#8212;&#8212;&#8212;&#8212;&#8212;&#8212;&#8212;&#8212;&#8212;&#8212;&#8212;&#8212;-<\/p>\n<p><strong>Le projet PRIDE<\/strong><\/p>\n<p>La radicalisation violente des jeunes est un sujet de soci\u00e9t\u00e9 pr\u00e9occupant en France, en Allemagne et en Tunisie. Elle se retrouve dans les actes physiques ainsi que dans les discours haineux et les attaques verbales sur les r\u00e9seaux sociaux. IKAB-Bildungswerk e.V. et ses partenaires sont convaincus que les projets d\u2019\u00e9changes internationaux de jeunes sont justement un format pr\u00e9vention pertinent contre la radicalisation violente des jeunes, dans la mesure o\u00f9 ils permettent aux participant.e.s de d\u00e9velopper leurs valeurs d\u00e9mocratiques et leurs comp\u00e9tences de citoyennet\u00e9 active.<\/p>\n<p>Le projet PRIDE (<em>Prevention of Radicalisation through Intercultural Dialogue and Exchange<\/em>) est n\u00e9 de ces r\u00e9flexions. Il est co-financ\u00e9 dans le cadre du programme europ\u00e9en Erasmus+ Jeunesse en action. Le projet PRIDE est coordonn\u00e9 par IKAB-Bildungswerk e.V., le <a href=\"https:\/\/www.ccab.tn\/\">Club Culturel Ali Belhouane<\/a> (CCAB) et la <a href=\"https:\/\/www.infa-formation.com\/\">Fondation INFA<\/a> et men\u00e9 en coop\u00e9ration avec <a href=\"http:\/\/www.alifs.fr\/\">Association du Lien Interculturel, Familial et Social<\/a> (ALIFS), <a href=\"https:\/\/carep.tn\/\">Centre arabe de Recherche et d\u2019Etudes Politiques<\/a> (CAREP) et <a href=\"https:\/\/ufuq.de\">ufuq.de<\/a>, structures expertes dans le domaine de la pr\u00e9vention de la radicalisation<\/p>\n<p>Pour plus d\u2019informations: <a href=\"http:\/\/www.erasmus-pride.org\/\">www.erasmus-pride.org<\/a> et sur Facebook: <a href=\"https:\/\/www.facebook.com\/PreventionofRadicalisationPRIDE\/\">https:\/\/www.facebook.com\/PreventionofRadicalisationPRIDE\/<\/a><\/p>\n","protected":false},"excerpt":{"rendered":"<p>Copyright: IKAB-Bildungswerk e.V. Du 15 au 17 octobre 2019 s\u2019est tenue la conf\u00e9rence internationale \u00ab\u00a0Glocal Islamism 2019 \u2013 Ph\u00e9nom\u00e8nes, Interd\u00e9pendances, Pr\u00e9vention\u00a0\u00bb \u00a0organis\u00e9e par l\u2019Agence f\u00e9d\u00e9rale allemande pour l\u2019Education civique (Bundeszentrale f\u00fcr politische Bildung bpb) \u00e0 Potsdam pr\u00e8s de Berlin avec pr\u00e8s de 450 participant.e.s de plus de 15 pays. Une partie de l\u2019\u00e9quipe du projet&hellip;<\/p>\n","protected":false},"author":5,"featured_media":1297,"comment_status":"closed","ping_status":"closed","sticky":false,"template":"","format":"standard","meta":[],"categories":[41],"tags":[],"_links":{"self":[{"href":"https:\/\/www.ikab.de\/fr\/wp-json\/wp\/v2\/posts\/1296"}],"collection":[{"href":"https:\/\/www.ikab.de\/fr\/wp-json\/wp\/v2\/posts"}],"about":[{"href":"https:\/\/www.ikab.de\/fr\/wp-json\/wp\/v2\/types\/post"}],"author":[{"embeddable":true,"href":"https:\/\/www.ikab.de\/fr\/wp-json\/wp\/v2\/users\/5"}],"replies":[{"embeddable":true,"href":"https:\/\/www.ikab.de\/fr\/wp-json\/wp\/v2\/comments?post=1296"}],"version-history":[{"count":1,"href":"https:\/\/www.ikab.de\/fr\/wp-json\/wp\/v2\/posts\/1296\/revisions"}],"predecessor-version":[{"id":1298,"href":"https:\/\/www.ikab.de\/fr\/wp-json\/wp\/v2\/posts\/1296\/revisions\/1298"}],"wp:featuredmedia":[{"embeddable":true,"href":"https:\/\/www.ikab.de\/fr\/wp-json\/wp\/v2\/media\/1297"}],"wp:attachment":[{"href":"https:\/\/www.ikab.de\/fr\/wp-json\/wp\/v2\/media?parent=1296"}],"wp:term":[{"taxonomy":"category","embeddable":true,"href":"https:\/\/www.ikab.de\/fr\/wp-json\/wp\/v2\/categories?post=1296"},{"taxonomy":"post_tag","embeddable":true,"href":"https:\/\/www.ikab.de\/fr\/wp-json\/wp\/v2\/tags?post=1296"}],"curies":[{"name":"wp","href":"https:\/\/api.w.org\/{rel}","templated":true}]}}